{"id":4694,"date":"2020-02-07T10:41:25","date_gmt":"2020-02-07T09:41:25","guid":{"rendered":"https:\/\/blogg.land.se\/bondjantan\/?p=4694"},"modified":"2020-02-07T17:00:53","modified_gmt":"2020-02-07T16:00:53","slug":"nyheter-i-min-kokstradgard","status":"publish","type":"post","link":"https:\/\/blogg.land.se\/bondjantan\/odlar\/nyheter-i-min-kokstradgard\/","title":{"rendered":"Nyheter i min k\u00f6kstr\u00e4dg\u00e5rd &#8211; vilka fr\u00f6nyheter blir det?"},"content":{"rendered":"<p><img loading=\"lazy\" class=\"aligncenter size-full wp-image-4695\" src=\"https:\/\/blogg.land.se\/bondjantan\/wp-content\/uploads\/sites\/29\/2020\/02\/Ska\u0308rmavbild-2020-02-07-kl.-09.25.30.png\" alt=\"\" width=\"2098\" height=\"1458\" srcset=\"https:\/\/blogg.land.se\/bondjantan\/wp-content\/uploads\/sites\/29\/2020\/02\/Ska\u0308rmavbild-2020-02-07-kl.-09.25.30.png 2098w, https:\/\/blogg.land.se\/bondjantan\/wp-content\/uploads\/sites\/29\/2020\/02\/Ska\u0308rmavbild-2020-02-07-kl.-09.25.30-300x208.png 300w, https:\/\/blogg.land.se\/bondjantan\/wp-content\/uploads\/sites\/29\/2020\/02\/Ska\u0308rmavbild-2020-02-07-kl.-09.25.30-768x534.png 768w, https:\/\/blogg.land.se\/bondjantan\/wp-content\/uploads\/sites\/29\/2020\/02\/Ska\u0308rmavbild-2020-02-07-kl.-09.25.30-1024x712.png 1024w\" sizes=\"(max-width: 2098px) 100vw, 2098px\" \/><\/p>\n<p>Jag f\u00e5r lite d\u00e5 och d\u00e5 fr\u00e5gor om vad jag s\u00e5r som \u00e4r nytt f\u00f6r i \u00e5r och jag t\u00e4nkte faktiskt dela med mig av n\u00e5gra nykomlingarna i Bondj\u00e4ntans k\u00f6kstr\u00e4dg\u00e5rd. Det \u00e4r vanligt att man k\u00f6r p\u00e5 gamla vanliga s\u00e4kra kort och det g\u00f6r \u00e4ven jag men jag brukar \u00e4ven hitta nyheter att prova. Nu beh\u00f6ver ju inte mina nyheter vara nyheter p\u00e5 fr\u00f6marknaden utan de kan ju faktiskt funnits ett tag utan att jag har f\u00e5tt span p\u00e5 dem.<\/p>\n<p>Det \u00e4r inte helt om\u00f6jligt att jag ena \u00e5ret tycker n\u00e5got verkar supertr\u00e5kigt och kommande \u00e5r s\u00e5 vill jag verkligen ha den och odla den. Det beror ju lite p\u00e5 vad jag h\u00e5ller p\u00e5 med, vad jag blir inspirerad av och kanske vad jag har \u00e4tit. Det \u00e4r inte helt ovanligt att jag blir inspirerad av utl\u00e4ndska youtubekanaler med matlagning eller odling och d\u00e5 s\u00f6ker jag pl\u00f6tsligt efter n\u00e5got som jag tidigare inte alls var intresserad av eller inte ens visste att det fanns.<\/p>\n<p>Nuf\u00f6rtiden s\u00e5 \u00e4r det faktiskt mest sortnyheter \u00e4ven om det ocks\u00e5 finns gr\u00f6nsaksnyheter. Dock har jag provat p\u00e5 ganska mycket s\u00e5 nu hittar jag och letar jag efter olika sorter och variationer som har olika kvaliteter. Jag har ocks\u00e5 hittat ett s\u00e4tt att \u00e4ta mer gr\u00f6nt och det \u00e4r att skapa &#8221;Tapas&#8221; med gr\u00f6nsakerna och hitta p\u00e5 nya variantrar med mindre gr\u00f6nsakstallrikar f\u00f6r plock.<\/p>\n<p>S\u00e5 h\u00e4r kommer n\u00e5gra nyheter och vad jag t\u00e4nker att jag ska anv\u00e4nda dem till.<\/p>\n<h3>Brysselk\u00e5l Red Ball<\/h3>\n<p>Tidigare har jag endast odlat gr\u00f6n brysselk\u00e5l men i \u00e5r ska jag prova p\u00e5 dessa r\u00f6da s\u00f6tingar som ocks\u00e5 kallas f\u00f6r karamellk\u00e5l. Ja men hur kan man inte odla n\u00e5got som kallas f\u00f6r karamellk\u00e5l undrar jag? De ska vara l\u00e4mpliga f\u00f6r nordiskt klimat.<\/p>\n<h3>Broccoli Apollo F1<\/h3>\n<p>En broccoli eller brokali som ger m\u00e5nga sm\u00e5 huvuden ist\u00e4llet f\u00f6r ett stort. Denna variant har jag inte provat och ska se om jag kan f\u00e5 en h\u00f6gre sk\u00f6rd s\u00e5 jag har till mina gr\u00f6nsakssmoothies med broccoli. <em>Fantastisk broccoli som f\u00e5r extra m\u00e5nga sidogrenar. Ger d\u00e4rf\u00f6r h\u00f6g sk\u00f6rd under l\u00e5ng tid av sm\u00e5, mj\u00e4lla huvuden. En delikatess l\u00e4tt f\u00f6rv\u00e4llda med sm\u00f6r. <\/em>Jag ska f\u00f6rs\u00e5 den nu tidigt p\u00e5 v\u00e5ren f\u00f6r att se om den kan ha en l\u00e5ng sk\u00f6rdetid.<\/p>\n<h3>Kron\u00e4rtskocka Purple Romagna<\/h3>\n<p>Jag gillar ju kron\u00e4rtskocka som b\u00e5de k\u00f6kstr\u00e4dg\u00e5rdsv\u00e4xt och som prydnadsv\u00e4xt. Jag har odlat flera sorter och i \u00e5r odlar jag tre sorter varav Purple Romagna \u00e4r helt ny f\u00f6r mig. Min f\u00f6rhoppning \u00e4r att den \u00e4r s\u00e5 m\u00f6rkr\u00f6d\/lila som det ser ut d\u00e5 jag ska matcha den med vinr\u00f6d rosensk\u00e4ra framf\u00f6r odlingstunneln. Jag har m\u00e5lat upp en fantastisk bild av k\u00f6kstr\u00e4dg\u00e5rden d\u00e4r denna kron\u00e4rtskocka \u00e4r drottningen.\u00a0 <em>Kron\u00e4rtskockorna \u00e4r vackert lila. Bladen \u00e4r vackert silvergr\u00e5 och en prydnad i sig. Kron\u00e4rtskockan \u00e4r av mellanstorlek.<\/em><\/p>\n<h3><span><\/span>Purjol\u00f6k Blue De Solaise<\/h3>\n<p>Jag brukar odla flera sorters purjol\u00f6k och det kommer jag g\u00f6ra \u00e4ven i \u00e5r. En vacker purjol\u00f6k som har bl\u00e5g\u00f6rna blad som jag brukar odla \u00e4r Northen lights och den ska jag odla i \u00e5r ocks\u00e5 men den ska f\u00e5 en utmanare i Blue De Solaise. Det \u00e4r roligt att j\u00e4mf\u00f6ra utsende, kvalitet och h\u00e5llbarhet och hitta den b\u00e4sta. <em>Blue De Solaise \u00e4r en \u00e4ldre fransk kultursort som ger en sen h\u00f6st- eller vintersk\u00f6rd av l\u00e5nga purjol\u00f6kar med bl\u00e5gr\u00e5 blad. Mycket k\u00f6ldt\u00e5lig och f\u00e5r en m\u00f6rkare f\u00e4rg efter frost, kan sk\u00f6rdas mitt i vintern.<\/em><\/p>\n<h3>R\u00e4ttika Largo de Mallorca gigante<\/h3>\n<p>Det \u00e4r s\u00e5 sp\u00e4nnande med denna r\u00e4ttika som kommer fr\u00e5n Mallorca. Den ska ha god smak och passa b\u00e5de f\u00f6r sallad och wok. Jag hoppas p\u00e5 denna f\u00f6r att prova b\u00e5de pickla och mj\u00f6rksyra f\u00f6r att vara en del i en tapastallrik. Jag brukar g\u00f6ra det med r\u00e4disor och ska j\u00e4mf\u00f6ra dessa.<\/p>\n<h3>Salladsk\u00e5l Natsuki F1<\/h3>\n<p>Jag brukar odla salladsk\u00e5l fr\u00e5n sensommaren och fram\u00e5t, jag gillar verkligen salladsk\u00e5l som \u00e4r en anv\u00e4ndbar gr\u00f6nsak. JAg anv\u00e4nder den till vanliga sallader, wokar och gr\u00e4ddstuvar, ja och framf\u00f6r allt till Kimchi! Salladsk\u00e5len Natsuki F1 ska vara en sort som utvecklas snabbt och sk\u00f6rdas som ung. Jag ska prova p\u00e5 att odla den tidigt i v\u00e5r och se om det \u00e4r en ny favorit i k\u00f6kstr\u00e4dg\u00e5rden.<\/p>\n<h3>Scharlottenl\u00f6k Zebrune<\/h3>\n<p>Jag har faktiskt bara odlat en enda g\u00e5ng schalottenl\u00f6k och jag lyckades inte v\u00e4rst bra. Kan ha berott p\u00e5 min odlarerfarenhet var kort eller v\u00e4der och vind, jag vet faktiskt inte men efter det har jag inte varit s\u00e5 sugen p\u00e5 dem igen. Nu har jag dock best\u00e4mt mig f\u00f6r att ge schaloottenl\u00f6ken en andra chans d\u00e5 jag hitttade denna Zebrune. <em>Dessa \u00e4r medelstora avl\u00e5nga l\u00f6kar med brunrosa skal och vitt, spr\u00f6tt fruktk\u00f6tt.\u00a0 Gourmetl\u00f6k med mild, delikat l\u00f6ksmak f\u00f6r f\u00e4rskkonsumtion och tillagning. Sk\u00f6rdas fr\u00e5n augusti till l\u00e5ngt inp\u00e5 senh\u00f6sten. Kan med f\u00f6rdel vinterlagras.\u00a0<\/em>Jag hoppas p\u00e5 att det \u00e4r en riktigt sk\u00f6nhet, god och h\u00e5llbar variant.<\/p>\n<h3>Slanggurka Armenian Yard Long<\/h3>\n<p><span>Armenian Yard Long \u00e4r en slanggurka eller kanske lite mer som en gurkmelon. Jag hoppas i alla fall p\u00e5 att smaken likna melon d\u00e5 jag har sv\u00e5rt att f\u00e5 till s\u00e5 m\u00e5nga meloner som jag skulle vilja. <em>\u00a0<\/em>Jag gillar verkligen tapas som melon och lufttorkad skinka och det \u00e4r favorit p\u00e5 sommaren i v\u00e4rmen. H\u00e5ll tummarna f\u00f6r att detta skulle kunna funka! <em>Armenian Yard Long\u00b4 \u00e4r en ovanlig och unik armenisk gurksort som ger l\u00e5nga, ljusgr\u00f6na och djupt r\u00e4fflade gurkor med en frisk smak. Kan bli upp\u00e5t 90 cm l\u00e5nga men smakar b\u00e4st vid 30 &#8211; 40 cm. Sorten \u00e4r dokumenterad sedan 1400-talet i Mellan\u00f6stern. Mycket uppskattad f\u00f6r sin fina smak, sitt tunna skal b\u00e5de som f\u00e4rsk, picklad och tillagad.\u00a0<\/em><\/span><\/p>\n<h3>Slanggurka Passandra F1<\/h3>\n<p>Passandra \u00e4r en kortare slanggruka \u00e4n normall\u00e5nga och min f\u00f6rhoppning om att jag ska l\u00e4ra mig odla goda slanggurkor. Den ska vara motst\u00e5ndskraftig och som endast s\u00e4tter honblommor och ger rik sk\u00f6rd. Jag ska ha den i odlingstunneln tillsammans med Armeninan Yard Long och hoppas p\u00e5 god salladsgurka.<\/p>\n<p><span style=\"text-decoration: underline\">Fr\u00f6firmor som har dessa fr\u00f6n om du skulle vara intresserad:<\/span><\/p>\n<p><a href=\"https:\/\/www.runabergsfroer.se\/\">Run\u00e5bergs fr\u00f6er<\/a><\/p>\n<p><a href=\"https:\/\/www.impecta.se\/\">Impecta\u00a0<\/a><\/p>\n<p><a href=\"https:\/\/xn--frbanken-o4a.se\/\">Fr\u00f6banken<\/a><\/p>\n<p><a href=\"https:\/\/www.gourmetgarage.se\/\">Gourmet Garage<\/a><\/p>\n<p><strong>\/\/Johnna a.k.a Bondj\u00e4ntan\u00a0<\/strong><\/p>\n<p>&nbsp;<\/p>\n<p><img loading=\"lazy\" class=\"aligncenter size-full wp-image-4687\" src=\"https:\/\/blogg.land.se\/bondjantan\/wp-content\/uploads\/sites\/29\/2020\/02\/Ska%CC%88rmavbild-2020-02-01-kl.-16.04.06.png\" alt=\"\" width=\"2590\" height=\"652\" \/><\/p>\n<p>Ps. Du vet v\u00e4l att jag finns p\u00e5<span>\u00a0<\/span><a href=\"https:\/\/www.facebook.com\/Bondjantan\/\">facebook som Bondj\u00e4ntan<\/a><span>\u00a0<\/span>och d\u00e4r uppdaterar jag ofta, alltifr\u00e5n h\u00f6ns och odlingar till dr\u00f6mmar och dahlior! ds.<\/p>\n","protected":false},"excerpt":{"rendered":"<p>Jag f\u00e5r lite d\u00e5 och d\u00e5 fr\u00e5gor om vad jag s\u00e5r som \u00e4r nytt f\u00f6r i \u00e5r och jag t\u00e4nkte faktiskt dela med mig av n\u00e5gra nykomlingarna i Bondj\u00e4ntans k\u00f6kstr\u00e4dg\u00e5rd. Det \u00e4r vanligt att man k\u00f6r p\u00e5 gamla vanliga s\u00e4kra kort och det g\u00f6r \u00e4ven jag men jag brukar \u00e4ven hitta nyheter att prova. Nu&#8230;<\/p>\n","protected":false},"author":341,"featured_media":4695,"comment_status":"open","ping_status":"open","sticky":false,"template":"","format":"standard","meta":[],"categories":[2,1224,1226],"tags":[],"yoast_head":"<!-- This site is optimized with the Yoast SEO plugin v19.6 - https:\/\/yoast.com\/wordpress\/plugins\/seo\/ -->\n<title>Nyheter i min k\u00f6kstr\u00e4dg\u00e5rd - vilka fr\u00f6nyheter blir det? - Bondj\u00e4ntan<\/title>\n<meta name=\"robots\" content=\"index, follow, max-snippet:-1, max-image-preview:large, max-video-preview:-1\" \/>\n<link rel=\"canonical\" href=\"https:\/\/blogg.land.se\/bondjantan\/odlar\/nyheter-i-min-kokstradgard\/\" \/>\n<meta property=\"og:locale\" content=\"sv_SE\" \/>\n<meta property=\"og:type\" content=\"article\" \/>\n<meta property=\"og:title\" content=\"Nyheter i min k\u00f6kstr\u00e4dg\u00e5rd - vilka fr\u00f6nyheter blir det? - Bondj\u00e4ntan\" \/>\n<meta property=\"og:description\" content=\"Jag f\u00e5r lite d\u00e5 och d\u00e5 fr\u00e5gor om vad jag s\u00e5r som \u00e4r nytt f\u00f6r i \u00e5r och jag t\u00e4nkte faktiskt dela med mig av n\u00e5gra nykomlingarna i Bondj\u00e4ntans k\u00f6kstr\u00e4dg\u00e5rd. Det \u00e4r vanligt att man k\u00f6r p\u00e5 gamla vanliga s\u00e4kra kort och det g\u00f6r \u00e4ven jag men jag brukar \u00e4ven hitta nyheter att prova. Nu...\" \/>\n<meta property=\"og:url\" content=\"https:\/\/blogg.land.se\/bondjantan\/odlar\/nyheter-i-min-kokstradgard\/\" \/>\n<meta property=\"og:site_name\" content=\"Bondj\u00e4ntan\" \/>\n<meta property=\"article:published_time\" content=\"2020-02-07T09:41:25+00:00\" \/>\n<meta property=\"article:modified_time\" content=\"2020-02-07T16:00:53+00:00\" \/>\n<meta property=\"og:image\" content=\"https:\/\/blogg.land.se\/bondjantan\/wp-content\/uploads\/sites\/29\/2020\/02\/Ska\u0308rmavbild-2020-02-07-kl.-09.25.30-1024x712.png\" \/>\n\t<meta property=\"og:image:width\" content=\"1024\" \/>\n\t<meta property=\"og:image:height\" content=\"712\" \/>\n\t<meta property=\"og:image:type\" content=\"image\/png\" \/>\n<meta name=\"author\" content=\"bondjantan\" \/>\n<meta name=\"twitter:card\" content=\"summary\" \/>\n<meta name=\"twitter:label1\" content=\"Skriven av\" \/>\n\t<meta name=\"twitter:data1\" content=\"bondjantan\" \/>\n\t<meta name=\"twitter:label2\" content=\"Ber\u00e4knad l\u00e4stid\" \/>\n\t<meta name=\"twitter:data2\" content=\"6 minuter\" \/>\n<script type=\"application\/ld+json\" class=\"yoast-schema-graph\">{\"@context\":\"https:\/\/schema.org\",\"@graph\":[{\"@type\":\"WebPage\",\"@id\":\"https:\/\/blogg.land.se\/bondjantan\/odlar\/nyheter-i-min-kokstradgard\/\",\"url\":\"https:\/\/blogg.land.se\/bondjantan\/odlar\/nyheter-i-min-kokstradgard\/\",\"name\":\"Nyheter i min k\u00f6kstr\u00e4dg\u00e5rd - vilka fr\u00f6nyheter blir det? - Bondj\u00e4ntan\",\"isPartOf\":{\"@id\":\"https:\/\/blogg.land.se\/bondjantan\/#website\"},\"datePublished\":\"2020-02-07T09:41:25+00:00\",\"dateModified\":\"2020-02-07T16:00:53+00:00\",\"author\":{\"@id\":\"https:\/\/blogg.land.se\/bondjantan\/#\/schema\/person\/bf0e9cb67d630e7359ff97d5420589ad\"},\"breadcrumb\":{\"@id\":\"https:\/\/blogg.land.se\/bondjantan\/odlar\/nyheter-i-min-kokstradgard\/#breadcrumb\"},\"inLanguage\":\"sv-SE\",\"potentialAction\":[{\"@type\":\"ReadAction\",\"target\":[\"https:\/\/blogg.land.se\/bondjantan\/odlar\/nyheter-i-min-kokstradgard\/\"]}]},{\"@type\":\"BreadcrumbList\",\"@id\":\"https:\/\/blogg.land.se\/bondjantan\/odlar\/nyheter-i-min-kokstradgard\/#breadcrumb\",\"itemListElement\":[{\"@type\":\"ListItem\",\"position\":1,\"name\":\"Hem\",\"item\":\"https:\/\/blogg.land.se\/bondjantan\/\"},{\"@type\":\"ListItem\",\"position\":2,\"name\":\"Nyheter i min k\u00f6kstr\u00e4dg\u00e5rd &#8211; vilka fr\u00f6nyheter blir det?\"}]},{\"@type\":\"WebSite\",\"@id\":\"https:\/\/blogg.land.se\/bondjantan\/#website\",\"url\":\"https:\/\/blogg.land.se\/bondjantan\/\",\"name\":\"Bondj\u00e4ntan\",\"description\":\"T\u00e4nker h\u00e5llbarhet och kvalitet\",\"potentialAction\":[{\"@type\":\"SearchAction\",\"target\":{\"@type\":\"EntryPoint\",\"urlTemplate\":\"https:\/\/blogg.land.se\/bondjantan\/?s={search_term_string}\"},\"query-input\":\"required name=search_term_string\"}],\"inLanguage\":\"sv-SE\"},{\"@type\":\"Person\",\"@id\":\"https:\/\/blogg.land.se\/bondjantan\/#\/schema\/person\/bf0e9cb67d630e7359ff97d5420589ad\",\"name\":\"bondjantan\",\"image\":{\"@type\":\"ImageObject\",\"inLanguage\":\"sv-SE\",\"@id\":\"https:\/\/blogg.land.se\/bondjantan\/#\/schema\/person\/image\/\",\"url\":\"https:\/\/secure.gravatar.com\/avatar\/abf2bd946e0560a94955e354d0eef894?s=96&d=mm&r=g\",\"contentUrl\":\"https:\/\/secure.gravatar.com\/avatar\/abf2bd946e0560a94955e354d0eef894?s=96&d=mm&r=g\",\"caption\":\"bondjantan\"},\"url\":\"https:\/\/blogg.land.se\/bondjantan\/author\/bondjantan\/\"}]}<\/script>\n<!-- \/ Yoast SEO plugin. -->","yoast_head_json":{"title":"Nyheter i min k\u00f6kstr\u00e4dg\u00e5rd - vilka fr\u00f6nyheter blir det? - Bondj\u00e4ntan","robots":{"index":"index","follow":"follow","max-snippet":"max-snippet:-1","max-image-preview":"max-image-preview:large","max-video-preview":"max-video-preview:-1"},"canonical":"https:\/\/blogg.land.se\/bondjantan\/odlar\/nyheter-i-min-kokstradgard\/","og_locale":"sv_SE","og_type":"article","og_title":"Nyheter i min k\u00f6kstr\u00e4dg\u00e5rd - vilka fr\u00f6nyheter blir det? - Bondj\u00e4ntan","og_description":"Jag f\u00e5r lite d\u00e5 och d\u00e5 fr\u00e5gor om vad jag s\u00e5r som \u00e4r nytt f\u00f6r i \u00e5r och jag t\u00e4nkte faktiskt dela med mig av n\u00e5gra nykomlingarna i Bondj\u00e4ntans k\u00f6kstr\u00e4dg\u00e5rd. Det \u00e4r vanligt att man k\u00f6r p\u00e5 gamla vanliga s\u00e4kra kort och det g\u00f6r \u00e4ven jag men jag brukar \u00e4ven hitta nyheter att prova. Nu...","og_url":"https:\/\/blogg.land.se\/bondjantan\/odlar\/nyheter-i-min-kokstradgard\/","og_site_name":"Bondj\u00e4ntan","article_published_time":"2020-02-07T09:41:25+00:00","article_modified_time":"2020-02-07T16:00:53+00:00","og_image":[{"width":1024,"height":712,"url":"https:\/\/blogg.land.se\/bondjantan\/wp-content\/uploads\/sites\/29\/2020\/02\/Ska\u0308rmavbild-2020-02-07-kl.-09.25.30-1024x712.png","type":"image\/png"}],"author":"bondjantan","twitter_card":"summary","twitter_misc":{"Skriven av":"bondjantan","Ber\u00e4knad l\u00e4stid":"6 minuter"},"schema":{"@context":"https:\/\/schema.org","@graph":[{"@type":"WebPage","@id":"https:\/\/blogg.land.se\/bondjantan\/odlar\/nyheter-i-min-kokstradgard\/","url":"https:\/\/blogg.land.se\/bondjantan\/odlar\/nyheter-i-min-kokstradgard\/","name":"Nyheter i min k\u00f6kstr\u00e4dg\u00e5rd - vilka fr\u00f6nyheter blir det? - Bondj\u00e4ntan","isPartOf":{"@id":"https:\/\/blogg.land.se\/bondjantan\/#website"},"datePublished":"2020-02-07T09:41:25+00:00","dateModified":"2020-02-07T16:00:53+00:00","author":{"@id":"https:\/\/blogg.land.se\/bondjantan\/#\/schema\/person\/bf0e9cb67d630e7359ff97d5420589ad"},"breadcrumb":{"@id":"https:\/\/blogg.land.se\/bondjantan\/odlar\/nyheter-i-min-kokstradgard\/#breadcrumb"},"inLanguage":"sv-SE","potentialAction":[{"@type":"ReadAction","target":["https:\/\/blogg.land.se\/bondjantan\/odlar\/nyheter-i-min-kokstradgard\/"]}]},{"@type":"BreadcrumbList","@id":"https:\/\/blogg.land.se\/bondjantan\/odlar\/nyheter-i-min-kokstradgard\/#breadcrumb","itemListElement":[{"@type":"ListItem","position":1,"name":"Hem","item":"https:\/\/blogg.land.se\/bondjantan\/"},{"@type":"ListItem","position":2,"name":"Nyheter i min k\u00f6kstr\u00e4dg\u00e5rd &#8211; vilka fr\u00f6nyheter blir det?"}]},{"@type":"WebSite","@id":"https:\/\/blogg.land.se\/bondjantan\/#website","url":"https:\/\/blogg.land.se\/bondjantan\/","name":"Bondj\u00e4ntan","description":"T\u00e4nker h\u00e5llbarhet och kvalitet","potentialAction":[{"@type":"SearchAction","target":{"@type":"EntryPoint","urlTemplate":"https:\/\/blogg.land.se\/bondjantan\/?s={search_term_string}"},"query-input":"required name=search_term_string"}],"inLanguage":"sv-SE"},{"@type":"Person","@id":"https:\/\/blogg.land.se\/bondjantan\/#\/schema\/person\/bf0e9cb67d630e7359ff97d5420589ad","name":"bondjantan","image":{"@type":"ImageObject","inLanguage":"sv-SE","@id":"https:\/\/blogg.land.se\/bondjantan\/#\/schema\/person\/image\/","url":"https:\/\/secure.gravatar.com\/avatar\/abf2bd946e0560a94955e354d0eef894?s=96&d=mm&r=g","contentUrl":"https:\/\/secure.gravatar.com\/avatar\/abf2bd946e0560a94955e354d0eef894?s=96&d=mm&r=g","caption":"bondjantan"},"url":"https:\/\/blogg.land.se\/bondjantan\/author\/bondjantan\/"}]}},"_links":{"self":[{"href":"https:\/\/blogg.land.se\/bondjantan\/wp-json\/wp\/v2\/posts\/4694"}],"collection":[{"href":"https:\/\/blogg.land.se\/bondjantan\/wp-json\/wp\/v2\/posts"}],"about":[{"href":"https:\/\/blogg.land.se\/bondjantan\/wp-json\/wp\/v2\/types\/post"}],"author":[{"embeddable":true,"href":"https:\/\/blogg.land.se\/bondjantan\/wp-json\/wp\/v2\/users\/341"}],"replies":[{"embeddable":true,"href":"https:\/\/blogg.land.se\/bondjantan\/wp-json\/wp\/v2\/comments?post=4694"}],"version-history":[{"count":7,"href":"https:\/\/blogg.land.se\/bondjantan\/wp-json\/wp\/v2\/posts\/4694\/revisions"}],"predecessor-version":[{"id":4702,"href":"https:\/\/blogg.land.se\/bondjantan\/wp-json\/wp\/v2\/posts\/4694\/revisions\/4702"}],"wp:featuredmedia":[{"embeddable":true,"href":"https:\/\/blogg.land.se\/bondjantan\/wp-json\/wp\/v2\/media\/4695"}],"wp:attachment":[{"href":"https:\/\/blogg.land.se\/bondjantan\/wp-json\/wp\/v2\/media?parent=4694"}],"wp:term":[{"taxonomy":"category","embeddable":true,"href":"https:\/\/blogg.land.se\/bondjantan\/wp-json\/wp\/v2\/categories?post=4694"},{"taxonomy":"post_tag","embeddable":true,"href":"https:\/\/blogg.land.se\/bondjantan\/wp-json\/wp\/v2\/tags?post=4694"}],"curies":[{"name":"wp","href":"https:\/\/api.w.org\/{rel}","templated":true}]}}