{"id":296,"date":"2013-03-18T23:35:00","date_gmt":"2013-03-18T22:35:00","guid":{"rendered":"https:\/\/blogg.land.se\/johanna-i-kulla\/2013\/03\/18\/barkbatspannkaka-och-dagens-pyssel\/"},"modified":"2013-03-18T23:35:00","modified_gmt":"2013-03-18T22:35:00","slug":"barkbatspannkaka-och-dagens-pyssel","status":"publish","type":"post","link":"https:\/\/blogg.land.se\/johannaikulla\/barkbatspannkaka-och-dagens-pyssel\/","title":{"rendered":"Barkb\u00e5tspannkaka och dagens pyssel"},"content":{"rendered":"<p><\/p>\n<div style=\"clear: both;text-align: center\"><a href=\"http:\/\/1.bp.blogspot.com\/-DDGywV80Lnw\/UUeCqaXU-HI\/AAAAAAAAATY\/kSAnKiUZG2A\/s1600\/IMG_2830.JPG\" style=\"margin-left: 1em;margin-right: 1em\"><img loading=\"lazy\" border=\"0\" height=\"400\" src=\"http:\/\/1.bp.blogspot.com\/-DDGywV80Lnw\/UUeCqaXU-HI\/AAAAAAAAATY\/kSAnKiUZG2A\/s400\/IMG_2830.JPG\" width=\"300\" \/><\/a><\/div>\n<p>Jag skulle g\u00f6ra ugnspannkaka idag f\u00f6r att sm\u00f6ra f\u00f6r storasyster som fortfarande \u00e4r sjuk och lite kr\u00e4sen med maten. Men n\u00e4r jag kn\u00e4ckt alla \u00e4ggen och h\u00e4llt i mj\u00f6lken uppt\u00e4ckte jag att vetemj\u00f6let var slut. Fullkornsdinkelmj\u00f6l kom jag p\u00e5 att jag hade och k\u00e4nde mig som v\u00e4rsta nyttiga morsan. Riktigt n\u00f6jd k\u00e4nde jag mig. Tills vi smakade. \u00c4r det n\u00e5n som t\u00e4nkt g\u00f6ra pannkaka p\u00e5 enbart dinkelmj\u00f6l av fullkorn: G\u00f6r. Det. Inte. Smakar barkb\u00e5t.<br \/>S\u00e5 storasyster som bara \u00e4tit sm\u00f6ret p\u00e5 en macka p\u00e5 hela dagen best\u00e4mde sig \u00e4nnu mer f\u00f6r att inte \u00e4ta. Tills curlingmorsan gjorde kaninmacka och \u00e4ggm\u00f6ss. Rekommenderas varmt.<\/p>\n<p>Och s\u00e5 har vi ju pysslat idag med. Det enda ungen vill g\u00f6ra \u00e4r att limma, s\u00e5 idag fick hon g\u00f6ra ett pennst\u00e4ll till sina tuschpennor och kritor. Jag har m\u00e5lat en vanlig konservburk tidigare, anv\u00e4nde vanlig vattenbaserad inomhusf\u00e4rg f\u00f6r tr\u00e4 och metall. ( Man f\u00e5r t\u00e4nka p\u00e5 att konservburken inte ska ha n\u00e5gon vass kant fr\u00e5n locket p\u00e5 insidan bara. Livsfarligt f\u00f6r sm\u00e5 barnfingrar.) Nu fick hon g\u00e5 loss med limmet och knappar.<\/p>\n<div style=\"clear: both;text-align: center\"><a href=\"http:\/\/1.bp.blogspot.com\/-zgB-4bSpxxE\/UUeBak18daI\/AAAAAAAAATM\/P20pdjqBIEs\/s1600\/IMG_2805.JPG\" style=\"clear: left;margin-bottom: 1em;margin-right: 1em;text-align: center\"><img loading=\"lazy\" border=\"0\" height=\"400\" src=\"http:\/\/1.bp.blogspot.com\/-zgB-4bSpxxE\/UUeBak18daI\/AAAAAAAAATM\/P20pdjqBIEs\/s400\/IMG_2805.JPG\" width=\"300\" \/><\/a><\/div>\n<p>Jag snabbpysslade lite ocks\u00e5. Min pappa hittade f\u00f6r ett tag sedan en sliten pl\u00e5tburk hemma hos farmor. Den skulle till soptippen men s\u00e5 kom han p\u00e5 att han har en dotter som \u00e4lskar skr\u00e4p. S\u00e5 klart jag ville ha den! Gl\u00f6mde ta en f\u00f6rebild, men locket var i alla fall v\u00e4ldigt slitet med lite gul avskavd f\u00e4rg. Anv\u00e4nde samma f\u00e4rg som till konservburken. Sedan spraym\u00e5lade jag en tr\u00e4kula och limmade p\u00e5 som en liten knopp p\u00e5 locket. Snabbfixat och burken blir finfin att fylla med nybakta bullar eller n\u00e5got.<\/p>\n<div>\n<\/div>\n<div style=\"clear: both;text-align: center\"><a href=\"http:\/\/3.bp.blogspot.com\/-dUEEx_4N2YU\/UUeCmE8PZzI\/AAAAAAAAATU\/c37hMdKBD9k\/s1600\/IMG_2828.JPG\" style=\"clear: left;margin-bottom: 1em;margin-right: 1em;text-align: center\"><img loading=\"lazy\" border=\"0\" height=\"400\" src=\"http:\/\/3.bp.blogspot.com\/-dUEEx_4N2YU\/UUeCmE8PZzI\/AAAAAAAAATU\/c37hMdKBD9k\/s400\/IMG_2828.JPG\" width=\"300\" \/><\/a><\/div>\n<div style=\"clear: both;text-align: center\"><\/div>\n","protected":false},"excerpt":{"rendered":"<p>Jag skulle g\u00f6ra ugnspannkaka idag f\u00f6r att sm\u00f6ra f\u00f6r storasyster som fortfarande \u00e4r sjuk och lite kr\u00e4sen med maten. Men n\u00e4r jag kn\u00e4ckt alla \u00e4ggen och h\u00e4llt i mj\u00f6lken uppt\u00e4ckte jag att vetemj\u00f6let var slut. Fullkornsdinkelmj\u00f6l kom jag p\u00e5 att jag hade och k\u00e4nde mig som v\u00e4rsta nyttiga morsan. Riktigt n\u00f6jd k\u00e4nde jag mig. Tills&#8230;<\/p>\n","protected":false},"author":336,"featured_media":0,"comment_status":"open","ping_status":"open","sticky":false,"template":"","format":"standard","meta":[],"categories":[1],"tags":[],"yoast_head":"<!-- This site is optimized with the Yoast SEO plugin v19.6 - https:\/\/yoast.com\/wordpress\/plugins\/seo\/ -->\n<title>Barkb\u00e5tspannkaka och dagens pyssel - Johanna i Kulla<\/title>\n<meta name=\"robots\" content=\"index, follow, max-snippet:-1, max-image-preview:large, max-video-preview:-1\" \/>\n<link rel=\"canonical\" href=\"https:\/\/blogg.land.se\/johannaikulla\/barkbatspannkaka-och-dagens-pyssel\/\" \/>\n<meta property=\"og:locale\" content=\"sv_SE\" \/>\n<meta property=\"og:type\" content=\"article\" \/>\n<meta property=\"og:title\" content=\"Barkb\u00e5tspannkaka och dagens pyssel - Johanna i Kulla\" \/>\n<meta property=\"og:description\" content=\"Jag skulle g\u00f6ra ugnspannkaka idag f\u00f6r att sm\u00f6ra f\u00f6r storasyster som fortfarande \u00e4r sjuk och lite kr\u00e4sen med maten. Men n\u00e4r jag kn\u00e4ckt alla \u00e4ggen och h\u00e4llt i mj\u00f6lken uppt\u00e4ckte jag att vetemj\u00f6let var slut. Fullkornsdinkelmj\u00f6l kom jag p\u00e5 att jag hade och k\u00e4nde mig som v\u00e4rsta nyttiga morsan. Riktigt n\u00f6jd k\u00e4nde jag mig. Tills...\" \/>\n<meta property=\"og:url\" content=\"https:\/\/blogg.land.se\/johannaikulla\/barkbatspannkaka-och-dagens-pyssel\/\" \/>\n<meta property=\"og:site_name\" content=\"Johanna i Kulla\" \/>\n<meta property=\"article:published_time\" content=\"2013-03-18T22:35:00+00:00\" \/>\n<meta property=\"og:image\" content=\"http:\/\/1.bp.blogspot.com\/-DDGywV80Lnw\/UUeCqaXU-HI\/AAAAAAAAATY\/kSAnKiUZG2A\/s400\/IMG_2830.JPG\" \/>\n<meta name=\"author\" content=\"johanna karlsson\" \/>\n<meta name=\"twitter:card\" content=\"summary\" \/>\n<meta name=\"twitter:label1\" content=\"Skriven av\" \/>\n\t<meta name=\"twitter:data1\" content=\"johanna karlsson\" \/>\n\t<meta name=\"twitter:label2\" content=\"Ber\u00e4knad l\u00e4stid\" \/>\n\t<meta name=\"twitter:data2\" content=\"2 minuter\" \/>\n<script type=\"application\/ld+json\" class=\"yoast-schema-graph\">{\"@context\":\"https:\/\/schema.org\",\"@graph\":[{\"@type\":\"WebPage\",\"@id\":\"https:\/\/blogg.land.se\/johannaikulla\/barkbatspannkaka-och-dagens-pyssel\/\",\"url\":\"https:\/\/blogg.land.se\/johannaikulla\/barkbatspannkaka-och-dagens-pyssel\/\",\"name\":\"Barkb\u00e5tspannkaka och dagens pyssel - Johanna i Kulla\",\"isPartOf\":{\"@id\":\"https:\/\/blogg.land.se\/johannaikulla\/#website\"},\"datePublished\":\"2013-03-18T22:35:00+00:00\",\"dateModified\":\"2013-03-18T22:35:00+00:00\",\"author\":{\"@id\":\"https:\/\/blogg.land.se\/johannaikulla\/#\/schema\/person\/c561259083946c2c15c1461729c9b28f\"},\"breadcrumb\":{\"@id\":\"https:\/\/blogg.land.se\/johannaikulla\/barkbatspannkaka-och-dagens-pyssel\/#breadcrumb\"},\"inLanguage\":\"sv-SE\",\"potentialAction\":[{\"@type\":\"ReadAction\",\"target\":[\"https:\/\/blogg.land.se\/johannaikulla\/barkbatspannkaka-och-dagens-pyssel\/\"]}]},{\"@type\":\"BreadcrumbList\",\"@id\":\"https:\/\/blogg.land.se\/johannaikulla\/barkbatspannkaka-och-dagens-pyssel\/#breadcrumb\",\"itemListElement\":[{\"@type\":\"ListItem\",\"position\":1,\"name\":\"Hem\",\"item\":\"https:\/\/blogg.land.se\/johannaikulla\/\"},{\"@type\":\"ListItem\",\"position\":2,\"name\":\"Barkb\u00e5tspannkaka och dagens pyssel\"}]},{\"@type\":\"WebSite\",\"@id\":\"https:\/\/blogg.land.se\/johannaikulla\/#website\",\"url\":\"https:\/\/blogg.land.se\/johannaikulla\/\",\"name\":\"Johanna i Kulla\",\"description\":\"Johanna i Kulla\",\"potentialAction\":[{\"@type\":\"SearchAction\",\"target\":{\"@type\":\"EntryPoint\",\"urlTemplate\":\"https:\/\/blogg.land.se\/johannaikulla\/?s={search_term_string}\"},\"query-input\":\"required name=search_term_string\"}],\"inLanguage\":\"sv-SE\"},{\"@type\":\"Person\",\"@id\":\"https:\/\/blogg.land.se\/johannaikulla\/#\/schema\/person\/c561259083946c2c15c1461729c9b28f\",\"name\":\"johanna karlsson\",\"image\":{\"@type\":\"ImageObject\",\"inLanguage\":\"sv-SE\",\"@id\":\"https:\/\/blogg.land.se\/johannaikulla\/#\/schema\/person\/image\/\",\"url\":\"https:\/\/secure.gravatar.com\/avatar\/0efbe6eb7587a039b60e5f358ea189d6?s=96&d=mm&r=g\",\"contentUrl\":\"https:\/\/secure.gravatar.com\/avatar\/0efbe6eb7587a039b60e5f358ea189d6?s=96&d=mm&r=g\",\"caption\":\"johanna karlsson\"},\"url\":\"https:\/\/blogg.land.se\/johannaikulla\/author\/johanna-karlsson\/\"}]}<\/script>\n<!-- \/ Yoast SEO plugin. -->","yoast_head_json":{"title":"Barkb\u00e5tspannkaka och dagens pyssel - Johanna i Kulla","robots":{"index":"index","follow":"follow","max-snippet":"max-snippet:-1","max-image-preview":"max-image-preview:large","max-video-preview":"max-video-preview:-1"},"canonical":"https:\/\/blogg.land.se\/johannaikulla\/barkbatspannkaka-och-dagens-pyssel\/","og_locale":"sv_SE","og_type":"article","og_title":"Barkb\u00e5tspannkaka och dagens pyssel - Johanna i Kulla","og_description":"Jag skulle g\u00f6ra ugnspannkaka idag f\u00f6r att sm\u00f6ra f\u00f6r storasyster som fortfarande \u00e4r sjuk och lite kr\u00e4sen med maten. Men n\u00e4r jag kn\u00e4ckt alla \u00e4ggen och h\u00e4llt i mj\u00f6lken uppt\u00e4ckte jag att vetemj\u00f6let var slut. Fullkornsdinkelmj\u00f6l kom jag p\u00e5 att jag hade och k\u00e4nde mig som v\u00e4rsta nyttiga morsan. Riktigt n\u00f6jd k\u00e4nde jag mig. Tills...","og_url":"https:\/\/blogg.land.se\/johannaikulla\/barkbatspannkaka-och-dagens-pyssel\/","og_site_name":"Johanna i Kulla","article_published_time":"2013-03-18T22:35:00+00:00","og_image":[{"url":"http:\/\/1.bp.blogspot.com\/-DDGywV80Lnw\/UUeCqaXU-HI\/AAAAAAAAATY\/kSAnKiUZG2A\/s400\/IMG_2830.JPG"}],"author":"johanna karlsson","twitter_card":"summary","twitter_misc":{"Skriven av":"johanna karlsson","Ber\u00e4knad l\u00e4stid":"2 minuter"},"schema":{"@context":"https:\/\/schema.org","@graph":[{"@type":"WebPage","@id":"https:\/\/blogg.land.se\/johannaikulla\/barkbatspannkaka-och-dagens-pyssel\/","url":"https:\/\/blogg.land.se\/johannaikulla\/barkbatspannkaka-och-dagens-pyssel\/","name":"Barkb\u00e5tspannkaka och dagens pyssel - Johanna i Kulla","isPartOf":{"@id":"https:\/\/blogg.land.se\/johannaikulla\/#website"},"datePublished":"2013-03-18T22:35:00+00:00","dateModified":"2013-03-18T22:35:00+00:00","author":{"@id":"https:\/\/blogg.land.se\/johannaikulla\/#\/schema\/person\/c561259083946c2c15c1461729c9b28f"},"breadcrumb":{"@id":"https:\/\/blogg.land.se\/johannaikulla\/barkbatspannkaka-och-dagens-pyssel\/#breadcrumb"},"inLanguage":"sv-SE","potentialAction":[{"@type":"ReadAction","target":["https:\/\/blogg.land.se\/johannaikulla\/barkbatspannkaka-och-dagens-pyssel\/"]}]},{"@type":"BreadcrumbList","@id":"https:\/\/blogg.land.se\/johannaikulla\/barkbatspannkaka-och-dagens-pyssel\/#breadcrumb","itemListElement":[{"@type":"ListItem","position":1,"name":"Hem","item":"https:\/\/blogg.land.se\/johannaikulla\/"},{"@type":"ListItem","position":2,"name":"Barkb\u00e5tspannkaka och dagens pyssel"}]},{"@type":"WebSite","@id":"https:\/\/blogg.land.se\/johannaikulla\/#website","url":"https:\/\/blogg.land.se\/johannaikulla\/","name":"Johanna i Kulla","description":"Johanna i Kulla","potentialAction":[{"@type":"SearchAction","target":{"@type":"EntryPoint","urlTemplate":"https:\/\/blogg.land.se\/johannaikulla\/?s={search_term_string}"},"query-input":"required name=search_term_string"}],"inLanguage":"sv-SE"},{"@type":"Person","@id":"https:\/\/blogg.land.se\/johannaikulla\/#\/schema\/person\/c561259083946c2c15c1461729c9b28f","name":"johanna karlsson","image":{"@type":"ImageObject","inLanguage":"sv-SE","@id":"https:\/\/blogg.land.se\/johannaikulla\/#\/schema\/person\/image\/","url":"https:\/\/secure.gravatar.com\/avatar\/0efbe6eb7587a039b60e5f358ea189d6?s=96&d=mm&r=g","contentUrl":"https:\/\/secure.gravatar.com\/avatar\/0efbe6eb7587a039b60e5f358ea189d6?s=96&d=mm&r=g","caption":"johanna karlsson"},"url":"https:\/\/blogg.land.se\/johannaikulla\/author\/johanna-karlsson\/"}]}},"_links":{"self":[{"href":"https:\/\/blogg.land.se\/johannaikulla\/wp-json\/wp\/v2\/posts\/296"}],"collection":[{"href":"https:\/\/blogg.land.se\/johannaikulla\/wp-json\/wp\/v2\/posts"}],"about":[{"href":"https:\/\/blogg.land.se\/johannaikulla\/wp-json\/wp\/v2\/types\/post"}],"author":[{"embeddable":true,"href":"https:\/\/blogg.land.se\/johannaikulla\/wp-json\/wp\/v2\/users\/336"}],"replies":[{"embeddable":true,"href":"https:\/\/blogg.land.se\/johannaikulla\/wp-json\/wp\/v2\/comments?post=296"}],"version-history":[{"count":0,"href":"https:\/\/blogg.land.se\/johannaikulla\/wp-json\/wp\/v2\/posts\/296\/revisions"}],"wp:attachment":[{"href":"https:\/\/blogg.land.se\/johannaikulla\/wp-json\/wp\/v2\/media?parent=296"}],"wp:term":[{"taxonomy":"category","embeddable":true,"href":"https:\/\/blogg.land.se\/johannaikulla\/wp-json\/wp\/v2\/categories?post=296"},{"taxonomy":"post_tag","embeddable":true,"href":"https:\/\/blogg.land.se\/johannaikulla\/wp-json\/wp\/v2\/tags?post=296"}],"curies":[{"name":"wp","href":"https:\/\/api.w.org\/{rel}","templated":true}]}}