{"id":16,"date":"2017-07-26T20:54:27","date_gmt":"2017-07-26T18:54:27","guid":{"rendered":"https:\/\/blogg.land.se\/timmerochelande\/?p=16"},"modified":"2017-07-26T20:54:27","modified_gmt":"2017-07-26T18:54:27","slug":"den-dar-sortens-folk","status":"publish","type":"post","link":"https:\/\/blogg.land.se\/timmerochelande\/2017\/07\/26\/den-dar-sortens-folk\/","title":{"rendered":"DEN D\u00c4R sortens folk&#8230;"},"content":{"rendered":"<p>Vi m\u00e5ste prata. Vi k\u00e4nner inte varandra s\u00e4rskilt v\u00e4l, men jag hoppas att du lyssnar \u00e4nd\u00e5. Det \u00e4r n\u00e5got som \u00e4r v\u00e4ldigt viktigt, f\u00f6r du vill v\u00e4l inte bli\u00a0<strong><em>en s\u00e5dan d\u00e4r T\u00c4?\u00a0<\/em><\/strong><\/p>\n<p>T\u00c4 \u00e4r ett alldeles s\u00e4rskilt folkslag. Oftast s\u00e4ger man deras namn sammanbitet, ibland uppgivet, men s\u00e4llan glatt. De verkar ha haft som sport att g\u00f6ra saker f\u00f6r att f\u00f6rvirra andra, och de brukar lyckas med besked. Man sliter sitt h\u00e5r, gnisslar t\u00e4nder och sv\u00e4r s\u00e5 att murstocken darrar (men nog sjutton stannar plastf\u00e4rgen kvar p\u00e5 v\u00e4ggarna!) \u00f6ver deras p\u00e5hitt. Den mest inbitna byggnadsv\u00e5rdare kan b\u00f6rja kallsvettas vid blotta tanken av dem. Man hatar dem. Idiotf\u00f6rklarar dem. \u00d6nskar dem all olycka och g\u00e4rna en sl\u00e4ng av \u00e4kta hussvamp.<\/p>\n<p>Vilka \u00e4r det jag menar? De Tidigare \u00c4garna, s\u00e5 klart. Du vet de d\u00e4r som tyckte att det drog fr\u00e5n ett f\u00f6nster en vinter s\u00e5 de gick ut med en f\u00e4rgburk och m\u00e5lade igen det? De som satte\u00a0tre olika g\u00e5ngj\u00e4rn\u00a0<em>\u00e5t b\u00e5da sidor<\/em>\u00a0p\u00e5 ett inbyggt sk\u00e5p och som om inte det vore nog \u00e4ven spikat fast sk\u00e5psd\u00f6rren\u00a0helt med spikband. De som slog s\u00f6nder alla kakelugnar med hammare och sl\u00e4ggor f\u00f6r att de tyckte att det var kul. De som tyckte att plast var en trevlig grej att s\u00e4tta fast p\u00e5 de mest underliga st\u00e4llen, med m\u00f6gel och murket tr\u00e4 som resultat. De som tog originalsk\u00e5pen fr\u00e5n 1800-talsk\u00f6ket och anv\u00e4nde som kemsk\u00e5p i verkstaden. Just DEN SORTENS FOLK. Bli inte en s\u00e5dan.<\/p>\n","protected":false},"excerpt":{"rendered":"<p>Vi m\u00e5ste prata. Vi k\u00e4nner inte varandra s\u00e4rskilt v\u00e4l, men jag hoppas att du lyssnar \u00e4nd\u00e5. Det \u00e4r n\u00e5got som \u00e4r v\u00e4ldigt viktigt, f\u00f6r du vill v\u00e4l inte bli\u00a0en s\u00e5dan d\u00e4r T\u00c4?\u00a0 T\u00c4 \u00e4r ett alldeles s\u00e4rskilt folkslag. Oftast s\u00e4ger man deras namn sammanbitet, ibland uppgivet, men s\u00e4llan glatt. De verkar ha haft som sport&#8230;<\/p>\n","protected":false},"author":335,"featured_media":0,"comment_status":"open","ping_status":"open","sticky":false,"template":"","format":"standard","meta":[],"categories":[1],"tags":[3,18,17,16],"yoast_head":"<!-- This site is optimized with the Yoast SEO plugin v19.6 - https:\/\/yoast.com\/wordpress\/plugins\/seo\/ -->\n<title>DEN D\u00c4R sortens folk... - Timmer &amp; el\u00e4nde<\/title>\n<meta name=\"robots\" content=\"index, follow, max-snippet:-1, max-image-preview:large, max-video-preview:-1\" \/>\n<link rel=\"canonical\" href=\"https:\/\/blogg.land.se\/timmerochelande\/2017\/07\/26\/den-dar-sortens-folk\/\" \/>\n<meta property=\"og:locale\" content=\"sv_SE\" \/>\n<meta property=\"og:type\" content=\"article\" \/>\n<meta property=\"og:title\" content=\"DEN D\u00c4R sortens folk... - Timmer &amp; el\u00e4nde\" \/>\n<meta property=\"og:description\" content=\"Vi m\u00e5ste prata. Vi k\u00e4nner inte varandra s\u00e4rskilt v\u00e4l, men jag hoppas att du lyssnar \u00e4nd\u00e5. Det \u00e4r n\u00e5got som \u00e4r v\u00e4ldigt viktigt, f\u00f6r du vill v\u00e4l inte bli\u00a0en s\u00e5dan d\u00e4r T\u00c4?\u00a0 T\u00c4 \u00e4r ett alldeles s\u00e4rskilt folkslag. Oftast s\u00e4ger man deras namn sammanbitet, ibland uppgivet, men s\u00e4llan glatt. De verkar ha haft som sport...\" \/>\n<meta property=\"og:url\" content=\"https:\/\/blogg.land.se\/timmerochelande\/2017\/07\/26\/den-dar-sortens-folk\/\" \/>\n<meta property=\"og:site_name\" content=\"Timmer &amp; el\u00e4nde\" \/>\n<meta property=\"article:published_time\" content=\"2017-07-26T18:54:27+00:00\" \/>\n<meta name=\"author\" content=\"G\u00e5rdsr\u00e5et\" \/>\n<meta name=\"twitter:card\" content=\"summary\" \/>\n<meta name=\"twitter:label1\" content=\"Skriven av\" \/>\n\t<meta name=\"twitter:data1\" content=\"G\u00e5rdsr\u00e5et\" \/>\n\t<meta name=\"twitter:label2\" content=\"Ber\u00e4knad l\u00e4stid\" \/>\n\t<meta name=\"twitter:data2\" content=\"1 minut\" \/>\n<script type=\"application\/ld+json\" class=\"yoast-schema-graph\">{\"@context\":\"https:\/\/schema.org\",\"@graph\":[{\"@type\":\"WebPage\",\"@id\":\"https:\/\/blogg.land.se\/timmerochelande\/2017\/07\/26\/den-dar-sortens-folk\/\",\"url\":\"https:\/\/blogg.land.se\/timmerochelande\/2017\/07\/26\/den-dar-sortens-folk\/\",\"name\":\"DEN D\u00c4R sortens folk... - Timmer &amp; el\u00e4nde\",\"isPartOf\":{\"@id\":\"https:\/\/blogg.land.se\/timmerochelande\/#website\"},\"datePublished\":\"2017-07-26T18:54:27+00:00\",\"dateModified\":\"2017-07-26T18:54:27+00:00\",\"author\":{\"@id\":\"https:\/\/blogg.land.se\/timmerochelande\/#\/schema\/person\/f9304a265edc0931a79637aac557e84b\"},\"breadcrumb\":{\"@id\":\"https:\/\/blogg.land.se\/timmerochelande\/2017\/07\/26\/den-dar-sortens-folk\/#breadcrumb\"},\"inLanguage\":\"sv-SE\",\"potentialAction\":[{\"@type\":\"ReadAction\",\"target\":[\"https:\/\/blogg.land.se\/timmerochelande\/2017\/07\/26\/den-dar-sortens-folk\/\"]}]},{\"@type\":\"BreadcrumbList\",\"@id\":\"https:\/\/blogg.land.se\/timmerochelande\/2017\/07\/26\/den-dar-sortens-folk\/#breadcrumb\",\"itemListElement\":[{\"@type\":\"ListItem\",\"position\":1,\"name\":\"Hem\",\"item\":\"https:\/\/blogg.land.se\/timmerochelande\/\"},{\"@type\":\"ListItem\",\"position\":2,\"name\":\"DEN D\u00c4R sortens folk&#8230;\"}]},{\"@type\":\"WebSite\",\"@id\":\"https:\/\/blogg.land.se\/timmerochelande\/#website\",\"url\":\"https:\/\/blogg.land.se\/timmerochelande\/\",\"name\":\"Timmer &amp; el\u00e4nde\",\"description\":\"En till Bloggar - Land.se webbplats\",\"potentialAction\":[{\"@type\":\"SearchAction\",\"target\":{\"@type\":\"EntryPoint\",\"urlTemplate\":\"https:\/\/blogg.land.se\/timmerochelande\/?s={search_term_string}\"},\"query-input\":\"required name=search_term_string\"}],\"inLanguage\":\"sv-SE\"},{\"@type\":\"Person\",\"@id\":\"https:\/\/blogg.land.se\/timmerochelande\/#\/schema\/person\/f9304a265edc0931a79637aac557e84b\",\"name\":\"G\u00e5rdsr\u00e5et\",\"image\":{\"@type\":\"ImageObject\",\"inLanguage\":\"sv-SE\",\"@id\":\"https:\/\/blogg.land.se\/timmerochelande\/#\/schema\/person\/image\/\",\"url\":\"https:\/\/secure.gravatar.com\/avatar\/39448144a64ff482cc6a3820285d334b?s=96&d=mm&r=g\",\"contentUrl\":\"https:\/\/secure.gravatar.com\/avatar\/39448144a64ff482cc6a3820285d334b?s=96&d=mm&r=g\",\"caption\":\"G\u00e5rdsr\u00e5et\"},\"sameAs\":[\"Timmerochelande\"],\"url\":\"https:\/\/blogg.land.se\/timmerochelande\/author\/sofiaskog\/\"}]}<\/script>\n<!-- \/ Yoast SEO plugin. -->","yoast_head_json":{"title":"DEN D\u00c4R sortens folk... - Timmer &amp; el\u00e4nde","robots":{"index":"index","follow":"follow","max-snippet":"max-snippet:-1","max-image-preview":"max-image-preview:large","max-video-preview":"max-video-preview:-1"},"canonical":"https:\/\/blogg.land.se\/timmerochelande\/2017\/07\/26\/den-dar-sortens-folk\/","og_locale":"sv_SE","og_type":"article","og_title":"DEN D\u00c4R sortens folk... - Timmer &amp; el\u00e4nde","og_description":"Vi m\u00e5ste prata. Vi k\u00e4nner inte varandra s\u00e4rskilt v\u00e4l, men jag hoppas att du lyssnar \u00e4nd\u00e5. Det \u00e4r n\u00e5got som \u00e4r v\u00e4ldigt viktigt, f\u00f6r du vill v\u00e4l inte bli\u00a0en s\u00e5dan d\u00e4r T\u00c4?\u00a0 T\u00c4 \u00e4r ett alldeles s\u00e4rskilt folkslag. Oftast s\u00e4ger man deras namn sammanbitet, ibland uppgivet, men s\u00e4llan glatt. De verkar ha haft som sport...","og_url":"https:\/\/blogg.land.se\/timmerochelande\/2017\/07\/26\/den-dar-sortens-folk\/","og_site_name":"Timmer &amp; el\u00e4nde","article_published_time":"2017-07-26T18:54:27+00:00","author":"G\u00e5rdsr\u00e5et","twitter_card":"summary","twitter_misc":{"Skriven av":"G\u00e5rdsr\u00e5et","Ber\u00e4knad l\u00e4stid":"1 minut"},"schema":{"@context":"https:\/\/schema.org","@graph":[{"@type":"WebPage","@id":"https:\/\/blogg.land.se\/timmerochelande\/2017\/07\/26\/den-dar-sortens-folk\/","url":"https:\/\/blogg.land.se\/timmerochelande\/2017\/07\/26\/den-dar-sortens-folk\/","name":"DEN D\u00c4R sortens folk... - Timmer &amp; el\u00e4nde","isPartOf":{"@id":"https:\/\/blogg.land.se\/timmerochelande\/#website"},"datePublished":"2017-07-26T18:54:27+00:00","dateModified":"2017-07-26T18:54:27+00:00","author":{"@id":"https:\/\/blogg.land.se\/timmerochelande\/#\/schema\/person\/f9304a265edc0931a79637aac557e84b"},"breadcrumb":{"@id":"https:\/\/blogg.land.se\/timmerochelande\/2017\/07\/26\/den-dar-sortens-folk\/#breadcrumb"},"inLanguage":"sv-SE","potentialAction":[{"@type":"ReadAction","target":["https:\/\/blogg.land.se\/timmerochelande\/2017\/07\/26\/den-dar-sortens-folk\/"]}]},{"@type":"BreadcrumbList","@id":"https:\/\/blogg.land.se\/timmerochelande\/2017\/07\/26\/den-dar-sortens-folk\/#breadcrumb","itemListElement":[{"@type":"ListItem","position":1,"name":"Hem","item":"https:\/\/blogg.land.se\/timmerochelande\/"},{"@type":"ListItem","position":2,"name":"DEN D\u00c4R sortens folk&#8230;"}]},{"@type":"WebSite","@id":"https:\/\/blogg.land.se\/timmerochelande\/#website","url":"https:\/\/blogg.land.se\/timmerochelande\/","name":"Timmer &amp; el\u00e4nde","description":"En till Bloggar - Land.se webbplats","potentialAction":[{"@type":"SearchAction","target":{"@type":"EntryPoint","urlTemplate":"https:\/\/blogg.land.se\/timmerochelande\/?s={search_term_string}"},"query-input":"required name=search_term_string"}],"inLanguage":"sv-SE"},{"@type":"Person","@id":"https:\/\/blogg.land.se\/timmerochelande\/#\/schema\/person\/f9304a265edc0931a79637aac557e84b","name":"G\u00e5rdsr\u00e5et","image":{"@type":"ImageObject","inLanguage":"sv-SE","@id":"https:\/\/blogg.land.se\/timmerochelande\/#\/schema\/person\/image\/","url":"https:\/\/secure.gravatar.com\/avatar\/39448144a64ff482cc6a3820285d334b?s=96&d=mm&r=g","contentUrl":"https:\/\/secure.gravatar.com\/avatar\/39448144a64ff482cc6a3820285d334b?s=96&d=mm&r=g","caption":"G\u00e5rdsr\u00e5et"},"sameAs":["Timmerochelande"],"url":"https:\/\/blogg.land.se\/timmerochelande\/author\/sofiaskog\/"}]}},"_links":{"self":[{"href":"https:\/\/blogg.land.se\/timmerochelande\/wp-json\/wp\/v2\/posts\/16"}],"collection":[{"href":"https:\/\/blogg.land.se\/timmerochelande\/wp-json\/wp\/v2\/posts"}],"about":[{"href":"https:\/\/blogg.land.se\/timmerochelande\/wp-json\/wp\/v2\/types\/post"}],"author":[{"embeddable":true,"href":"https:\/\/blogg.land.se\/timmerochelande\/wp-json\/wp\/v2\/users\/335"}],"replies":[{"embeddable":true,"href":"https:\/\/blogg.land.se\/timmerochelande\/wp-json\/wp\/v2\/comments?post=16"}],"version-history":[{"count":3,"href":"https:\/\/blogg.land.se\/timmerochelande\/wp-json\/wp\/v2\/posts\/16\/revisions"}],"predecessor-version":[{"id":41,"href":"https:\/\/blogg.land.se\/timmerochelande\/wp-json\/wp\/v2\/posts\/16\/revisions\/41"}],"wp:attachment":[{"href":"https:\/\/blogg.land.se\/timmerochelande\/wp-json\/wp\/v2\/media?parent=16"}],"wp:term":[{"taxonomy":"category","embeddable":true,"href":"https:\/\/blogg.land.se\/timmerochelande\/wp-json\/wp\/v2\/categories?post=16"},{"taxonomy":"post_tag","embeddable":true,"href":"https:\/\/blogg.land.se\/timmerochelande\/wp-json\/wp\/v2\/tags?post=16"}],"curies":[{"name":"wp","href":"https:\/\/api.w.org\/{rel}","templated":true}]}}