{"id":54,"date":"2017-07-29T14:17:21","date_gmt":"2017-07-29T12:17:21","guid":{"rendered":"https:\/\/blogg.land.se\/timmerochelande\/?p=54"},"modified":"2017-07-29T14:17:21","modified_gmt":"2017-07-29T12:17:21","slug":"villa-villekulla","status":"publish","type":"post","link":"https:\/\/blogg.land.se\/timmerochelande\/2017\/07\/29\/villa-villekulla\/","title":{"rendered":"Villa Villekulla?"},"content":{"rendered":"<p><img loading=\"lazy\" class=\"alignnone size-medium wp-image-55\" src=\"https:\/\/blogg.land.se\/timmerochelande\/wp-content\/uploads\/sites\/24\/2017\/07\/IMG_5758-151x300.jpg\" alt=\"img_5758\" width=\"151\" height=\"300\" srcset=\"https:\/\/blogg.land.se\/timmerochelande\/wp-content\/uploads\/sites\/24\/2017\/07\/IMG_5758-151x300.jpg 151w, https:\/\/blogg.land.se\/timmerochelande\/wp-content\/uploads\/sites\/24\/2017\/07\/IMG_5758-768x1525.jpg 768w, https:\/\/blogg.land.se\/timmerochelande\/wp-content\/uploads\/sites\/24\/2017\/07\/IMG_5758-516x1024.jpg 516w, https:\/\/blogg.land.se\/timmerochelande\/wp-content\/uploads\/sites\/24\/2017\/07\/IMG_5758.jpg 1485w\" sizes=\"(max-width: 151px) 100vw, 151px\" \/>En v\u00e4n brukar fr\u00e5ga om jag bor i Villa Villekulla. Det kan finnas fog f\u00f6r fr\u00e5gan.<\/p>\n<p>Efter att ha rivit bort golvet i skafferiet (innan n\u00e5gon g\u00f6r det; g\u00e5 med i Byggnadsv\u00e5rdsportalens grupp f\u00f6r Asbest p\u00e5 Facebook) plockade jag fram f\u00e4rg. Kul\u00f6rerna jag valde m\u00e5 inte vara s\u00e4rskilt tidsenliga eller byggnadsv\u00e5rdsm\u00e4ssigt korrekta \u00f6vht, men jag vill att just det rummet ska vara en trevlig upplevelse. Man ska helt enkelt bli glad n\u00e4r man g\u00e5r in d\u00e4r. Mat ska vara roligt.<\/p>\n<p>Linoljef\u00e4rg, s\u00e5 klart. \u00c5terkommer med bild p\u00e5 resultatet n\u00e4r jag m\u00e5lat ett par ggr till.<\/p>\n","protected":false},"excerpt":{"rendered":"<p>En v\u00e4n brukar fr\u00e5ga om jag bor i Villa Villekulla. Det kan finnas fog f\u00f6r fr\u00e5gan. Efter att ha rivit bort golvet i skafferiet (innan n\u00e5gon g\u00f6r det; g\u00e5 med i Byggnadsv\u00e5rdsportalens grupp f\u00f6r Asbest p\u00e5 Facebook) plockade jag fram f\u00e4rg. Kul\u00f6rerna jag valde m\u00e5 inte vara s\u00e4rskilt tidsenliga eller byggnadsv\u00e5rdsm\u00e4ssigt korrekta \u00f6vht, men jag&#8230;<\/p>\n","protected":false},"author":335,"featured_media":0,"comment_status":"open","ping_status":"open","sticky":false,"template":"","format":"standard","meta":[],"categories":[1],"tags":[3,22,7,23,24],"yoast_head":"<!-- This site is optimized with the Yoast SEO plugin v19.6 - https:\/\/yoast.com\/wordpress\/plugins\/seo\/ -->\n<title>Villa Villekulla? - Timmer &amp; el\u00e4nde<\/title>\n<meta name=\"robots\" content=\"index, follow, max-snippet:-1, max-image-preview:large, max-video-preview:-1\" \/>\n<link rel=\"canonical\" href=\"https:\/\/blogg.land.se\/timmerochelande\/2017\/07\/29\/villa-villekulla\/\" \/>\n<meta property=\"og:locale\" content=\"sv_SE\" \/>\n<meta property=\"og:type\" content=\"article\" \/>\n<meta property=\"og:title\" content=\"Villa Villekulla? - Timmer &amp; el\u00e4nde\" \/>\n<meta property=\"og:description\" content=\"En v\u00e4n brukar fr\u00e5ga om jag bor i Villa Villekulla. Det kan finnas fog f\u00f6r fr\u00e5gan. Efter att ha rivit bort golvet i skafferiet (innan n\u00e5gon g\u00f6r det; g\u00e5 med i Byggnadsv\u00e5rdsportalens grupp f\u00f6r Asbest p\u00e5 Facebook) plockade jag fram f\u00e4rg. Kul\u00f6rerna jag valde m\u00e5 inte vara s\u00e4rskilt tidsenliga eller byggnadsv\u00e5rdsm\u00e4ssigt korrekta \u00f6vht, men jag...\" \/>\n<meta property=\"og:url\" content=\"https:\/\/blogg.land.se\/timmerochelande\/2017\/07\/29\/villa-villekulla\/\" \/>\n<meta property=\"og:site_name\" content=\"Timmer &amp; el\u00e4nde\" \/>\n<meta property=\"article:published_time\" content=\"2017-07-29T12:17:21+00:00\" \/>\n<meta property=\"og:image\" content=\"https:\/\/blogg.land.se\/timmerochelande\/wp-content\/uploads\/sites\/24\/2017\/07\/IMG_5758-151x300.jpg\" \/>\n<meta name=\"author\" content=\"G\u00e5rdsr\u00e5et\" \/>\n<meta name=\"twitter:card\" content=\"summary\" \/>\n<meta name=\"twitter:label1\" content=\"Skriven av\" \/>\n\t<meta name=\"twitter:data1\" content=\"G\u00e5rdsr\u00e5et\" \/>\n\t<meta name=\"twitter:label2\" content=\"Ber\u00e4knad l\u00e4stid\" \/>\n\t<meta name=\"twitter:data2\" content=\"1 minut\" \/>\n<script type=\"application\/ld+json\" class=\"yoast-schema-graph\">{\"@context\":\"https:\/\/schema.org\",\"@graph\":[{\"@type\":\"WebPage\",\"@id\":\"https:\/\/blogg.land.se\/timmerochelande\/2017\/07\/29\/villa-villekulla\/\",\"url\":\"https:\/\/blogg.land.se\/timmerochelande\/2017\/07\/29\/villa-villekulla\/\",\"name\":\"Villa Villekulla? - Timmer &amp; el\u00e4nde\",\"isPartOf\":{\"@id\":\"https:\/\/blogg.land.se\/timmerochelande\/#website\"},\"datePublished\":\"2017-07-29T12:17:21+00:00\",\"dateModified\":\"2017-07-29T12:17:21+00:00\",\"author\":{\"@id\":\"https:\/\/blogg.land.se\/timmerochelande\/#\/schema\/person\/f9304a265edc0931a79637aac557e84b\"},\"breadcrumb\":{\"@id\":\"https:\/\/blogg.land.se\/timmerochelande\/2017\/07\/29\/villa-villekulla\/#breadcrumb\"},\"inLanguage\":\"sv-SE\",\"potentialAction\":[{\"@type\":\"ReadAction\",\"target\":[\"https:\/\/blogg.land.se\/timmerochelande\/2017\/07\/29\/villa-villekulla\/\"]}]},{\"@type\":\"BreadcrumbList\",\"@id\":\"https:\/\/blogg.land.se\/timmerochelande\/2017\/07\/29\/villa-villekulla\/#breadcrumb\",\"itemListElement\":[{\"@type\":\"ListItem\",\"position\":1,\"name\":\"Hem\",\"item\":\"https:\/\/blogg.land.se\/timmerochelande\/\"},{\"@type\":\"ListItem\",\"position\":2,\"name\":\"Villa Villekulla?\"}]},{\"@type\":\"WebSite\",\"@id\":\"https:\/\/blogg.land.se\/timmerochelande\/#website\",\"url\":\"https:\/\/blogg.land.se\/timmerochelande\/\",\"name\":\"Timmer &amp; el\u00e4nde\",\"description\":\"En till Bloggar - Land.se webbplats\",\"potentialAction\":[{\"@type\":\"SearchAction\",\"target\":{\"@type\":\"EntryPoint\",\"urlTemplate\":\"https:\/\/blogg.land.se\/timmerochelande\/?s={search_term_string}\"},\"query-input\":\"required name=search_term_string\"}],\"inLanguage\":\"sv-SE\"},{\"@type\":\"Person\",\"@id\":\"https:\/\/blogg.land.se\/timmerochelande\/#\/schema\/person\/f9304a265edc0931a79637aac557e84b\",\"name\":\"G\u00e5rdsr\u00e5et\",\"image\":{\"@type\":\"ImageObject\",\"inLanguage\":\"sv-SE\",\"@id\":\"https:\/\/blogg.land.se\/timmerochelande\/#\/schema\/person\/image\/\",\"url\":\"https:\/\/secure.gravatar.com\/avatar\/39448144a64ff482cc6a3820285d334b?s=96&d=mm&r=g\",\"contentUrl\":\"https:\/\/secure.gravatar.com\/avatar\/39448144a64ff482cc6a3820285d334b?s=96&d=mm&r=g\",\"caption\":\"G\u00e5rdsr\u00e5et\"},\"sameAs\":[\"Timmerochelande\"],\"url\":\"https:\/\/blogg.land.se\/timmerochelande\/author\/sofiaskog\/\"}]}<\/script>\n<!-- \/ Yoast SEO plugin. -->","yoast_head_json":{"title":"Villa Villekulla? - Timmer &amp; el\u00e4nde","robots":{"index":"index","follow":"follow","max-snippet":"max-snippet:-1","max-image-preview":"max-image-preview:large","max-video-preview":"max-video-preview:-1"},"canonical":"https:\/\/blogg.land.se\/timmerochelande\/2017\/07\/29\/villa-villekulla\/","og_locale":"sv_SE","og_type":"article","og_title":"Villa Villekulla? - Timmer &amp; el\u00e4nde","og_description":"En v\u00e4n brukar fr\u00e5ga om jag bor i Villa Villekulla. Det kan finnas fog f\u00f6r fr\u00e5gan. Efter att ha rivit bort golvet i skafferiet (innan n\u00e5gon g\u00f6r det; g\u00e5 med i Byggnadsv\u00e5rdsportalens grupp f\u00f6r Asbest p\u00e5 Facebook) plockade jag fram f\u00e4rg. Kul\u00f6rerna jag valde m\u00e5 inte vara s\u00e4rskilt tidsenliga eller byggnadsv\u00e5rdsm\u00e4ssigt korrekta \u00f6vht, men jag...","og_url":"https:\/\/blogg.land.se\/timmerochelande\/2017\/07\/29\/villa-villekulla\/","og_site_name":"Timmer &amp; el\u00e4nde","article_published_time":"2017-07-29T12:17:21+00:00","og_image":[{"url":"https:\/\/blogg.land.se\/timmerochelande\/wp-content\/uploads\/sites\/24\/2017\/07\/IMG_5758-151x300.jpg"}],"author":"G\u00e5rdsr\u00e5et","twitter_card":"summary","twitter_misc":{"Skriven av":"G\u00e5rdsr\u00e5et","Ber\u00e4knad l\u00e4stid":"1 minut"},"schema":{"@context":"https:\/\/schema.org","@graph":[{"@type":"WebPage","@id":"https:\/\/blogg.land.se\/timmerochelande\/2017\/07\/29\/villa-villekulla\/","url":"https:\/\/blogg.land.se\/timmerochelande\/2017\/07\/29\/villa-villekulla\/","name":"Villa Villekulla? - Timmer &amp; el\u00e4nde","isPartOf":{"@id":"https:\/\/blogg.land.se\/timmerochelande\/#website"},"datePublished":"2017-07-29T12:17:21+00:00","dateModified":"2017-07-29T12:17:21+00:00","author":{"@id":"https:\/\/blogg.land.se\/timmerochelande\/#\/schema\/person\/f9304a265edc0931a79637aac557e84b"},"breadcrumb":{"@id":"https:\/\/blogg.land.se\/timmerochelande\/2017\/07\/29\/villa-villekulla\/#breadcrumb"},"inLanguage":"sv-SE","potentialAction":[{"@type":"ReadAction","target":["https:\/\/blogg.land.se\/timmerochelande\/2017\/07\/29\/villa-villekulla\/"]}]},{"@type":"BreadcrumbList","@id":"https:\/\/blogg.land.se\/timmerochelande\/2017\/07\/29\/villa-villekulla\/#breadcrumb","itemListElement":[{"@type":"ListItem","position":1,"name":"Hem","item":"https:\/\/blogg.land.se\/timmerochelande\/"},{"@type":"ListItem","position":2,"name":"Villa Villekulla?"}]},{"@type":"WebSite","@id":"https:\/\/blogg.land.se\/timmerochelande\/#website","url":"https:\/\/blogg.land.se\/timmerochelande\/","name":"Timmer &amp; el\u00e4nde","description":"En till Bloggar - Land.se webbplats","potentialAction":[{"@type":"SearchAction","target":{"@type":"EntryPoint","urlTemplate":"https:\/\/blogg.land.se\/timmerochelande\/?s={search_term_string}"},"query-input":"required name=search_term_string"}],"inLanguage":"sv-SE"},{"@type":"Person","@id":"https:\/\/blogg.land.se\/timmerochelande\/#\/schema\/person\/f9304a265edc0931a79637aac557e84b","name":"G\u00e5rdsr\u00e5et","image":{"@type":"ImageObject","inLanguage":"sv-SE","@id":"https:\/\/blogg.land.se\/timmerochelande\/#\/schema\/person\/image\/","url":"https:\/\/secure.gravatar.com\/avatar\/39448144a64ff482cc6a3820285d334b?s=96&d=mm&r=g","contentUrl":"https:\/\/secure.gravatar.com\/avatar\/39448144a64ff482cc6a3820285d334b?s=96&d=mm&r=g","caption":"G\u00e5rdsr\u00e5et"},"sameAs":["Timmerochelande"],"url":"https:\/\/blogg.land.se\/timmerochelande\/author\/sofiaskog\/"}]}},"_links":{"self":[{"href":"https:\/\/blogg.land.se\/timmerochelande\/wp-json\/wp\/v2\/posts\/54"}],"collection":[{"href":"https:\/\/blogg.land.se\/timmerochelande\/wp-json\/wp\/v2\/posts"}],"about":[{"href":"https:\/\/blogg.land.se\/timmerochelande\/wp-json\/wp\/v2\/types\/post"}],"author":[{"embeddable":true,"href":"https:\/\/blogg.land.se\/timmerochelande\/wp-json\/wp\/v2\/users\/335"}],"replies":[{"embeddable":true,"href":"https:\/\/blogg.land.se\/timmerochelande\/wp-json\/wp\/v2\/comments?post=54"}],"version-history":[{"count":1,"href":"https:\/\/blogg.land.se\/timmerochelande\/wp-json\/wp\/v2\/posts\/54\/revisions"}],"predecessor-version":[{"id":56,"href":"https:\/\/blogg.land.se\/timmerochelande\/wp-json\/wp\/v2\/posts\/54\/revisions\/56"}],"wp:attachment":[{"href":"https:\/\/blogg.land.se\/timmerochelande\/wp-json\/wp\/v2\/media?parent=54"}],"wp:term":[{"taxonomy":"category","embeddable":true,"href":"https:\/\/blogg.land.se\/timmerochelande\/wp-json\/wp\/v2\/categories?post=54"},{"taxonomy":"post_tag","embeddable":true,"href":"https:\/\/blogg.land.se\/timmerochelande\/wp-json\/wp\/v2\/tags?post=54"}],"curies":[{"name":"wp","href":"https:\/\/api.w.org\/{rel}","templated":true}]}}